{"id":8425,"date":"2024-05-24T18:29:34","date_gmt":"2024-05-24T16:29:34","guid":{"rendered":"https:\/\/sainte-germaine-pornichet.fr\/?p=8425"},"modified":"2024-06-13T13:57:17","modified_gmt":"2024-06-13T11:57:17","slug":"olympiades","status":"publish","type":"post","link":"https:\/\/sainte-germaine-pornichet.fr\/?p=8425","title":{"rendered":"Olympiades"},"content":{"rendered":"<p>Vendredi 24 mai, nous avons particip\u00e9 \u00e0 des Olympiades pour la journ\u00e9e J.O.<\/p>\n<p>A cette occasion, les \u00e9coles de La Baule Escoublac, de Saint Andr\u00e9 des Eaux, &nbsp;St Jean \u00e0 Pornichet ainsi que Sainte Germaine se sont retrouv\u00e9es au complexe sportif Alain Burban \u00e0 la Baule Escoublac.<br \/>\nApr\u00e8s un pique-nique sur place, les diff\u00e9rentes \u00e9quipes se sont rencontr\u00e9es autour des divers ateliers : Gym au sol, Gym agr\u00e8s, course \u00e0 la patate, jeux d&rsquo;opposition, jeu \u00ab\u00a0les d\u00e9m\u00e9nageurs\u00a0\u00bb.<\/p>\n<p>Une tr\u00e8s belle journ\u00e9e avec un bon esprit sportif !<\/p>\n<p>Bravo \u00e0 tous nos petits champions !<\/p>\n<p><a href=\"https:\/\/sainte-germaine-pornichet.fr\/wp-content\/uploads\/2024\/05\/IMG_3856-scaled.jpeg\"><img loading=\"lazy\" decoding=\"async\" class=\"alignnone size-medium wp-image-8732\" src=\"https:\/\/sainte-germaine-pornichet.fr\/wp-content\/uploads\/2024\/05\/IMG_3856-300x225.jpeg\" alt=\"\" width=\"300\" height=\"225\" srcset=\"https:\/\/sainte-germaine-pornichet.fr\/wp-content\/uploads\/2024\/05\/IMG_3856-300x225.jpeg 300w, https:\/\/sainte-germaine-pornichet.fr\/wp-content\/uploads\/2024\/05\/IMG_3856-1024x768.jpeg 1024w, https:\/\/sainte-germaine-pornichet.fr\/wp-content\/uploads\/2024\/05\/IMG_3856-768x576.jpeg 768w, https:\/\/sainte-germaine-pornichet.fr\/wp-content\/uploads\/2024\/05\/IMG_3856-1536x1152.jpeg 1536w, https:\/\/sainte-germaine-pornichet.fr\/wp-content\/uploads\/2024\/05\/IMG_3856-2048x1536.jpeg 2048w, https:\/\/sainte-germaine-pornichet.fr\/wp-content\/uploads\/2024\/05\/IMG_3856-1320x990.jpeg 1320w\" sizes=\"auto, (max-width: 300px) 100vw, 300px\" \/><\/a> <a href=\"https:\/\/sainte-germaine-pornichet.fr\/wp-content\/uploads\/2024\/05\/IMG_3857-scaled.jpeg\"><img loading=\"lazy\" decoding=\"async\" class=\"alignnone size-medium wp-image-8733\" src=\"https:\/\/sainte-germaine-pornichet.fr\/wp-content\/uploads\/2024\/05\/IMG_3857-300x225.jpeg\" alt=\"\" width=\"300\" height=\"225\" srcset=\"https:\/\/sainte-germaine-pornichet.fr\/wp-content\/uploads\/2024\/05\/IMG_3857-300x225.jpeg 300w, https:\/\/sainte-germaine-pornichet.fr\/wp-content\/uploads\/2024\/05\/IMG_3857-1024x768.jpeg 1024w, https:\/\/sainte-germaine-pornichet.fr\/wp-content\/uploads\/2024\/05\/IMG_3857-768x576.jpeg 768w, https:\/\/sainte-germaine-pornichet.fr\/wp-content\/uploads\/2024\/05\/IMG_3857-1536x1152.jpeg 1536w, https:\/\/sainte-germaine-pornichet.fr\/wp-content\/uploads\/2024\/05\/IMG_3857-2048x1536.jpeg 2048w, https:\/\/sainte-germaine-pornichet.fr\/wp-content\/uploads\/2024\/05\/IMG_3857-1320x990.jpeg 1320w\" sizes=\"auto, (max-width: 300px) 100vw, 300px\" \/><\/a><\/p>\n","protected":false},"excerpt":{"rendered":"<p>Vendredi 24 mai, nous avons particip\u00e9 \u00e0 des Olympiades pour la journ\u00e9e J.O. A cette occasion, les \u00e9coles de La Baule Escoublac, de Saint Andr\u00e9 des Eaux, &nbsp;St Jean \u00e0&hellip; <br \/> <a class=\"read-more\" href=\"https:\/\/sainte-germaine-pornichet.fr\/?p=8425\">Lire la suite<\/a><\/p>\n","protected":false},"author":10,"featured_media":8731,"comment_status":"closed","ping_status":"open","sticky":true,"template":"","format":"standard","meta":{"footnotes":""},"categories":[5],"tags":[],"class_list":["post-8425","post","type-post","status-publish","format-standard","has-post-thumbnail","hentry","category-gscp"],"_links":{"self":[{"href":"https:\/\/sainte-germaine-pornichet.fr\/index.php?rest_route=\/wp\/v2\/posts\/8425","targetHints":{"allow":["GET"]}}],"collection":[{"href":"https:\/\/sainte-germaine-pornichet.fr\/index.php?rest_route=\/wp\/v2\/posts"}],"about":[{"href":"https:\/\/sainte-germaine-pornichet.fr\/index.php?rest_route=\/wp\/v2\/types\/post"}],"author":[{"embeddable":true,"href":"https:\/\/sainte-germaine-pornichet.fr\/index.php?rest_route=\/wp\/v2\/users\/10"}],"replies":[{"embeddable":true,"href":"https:\/\/sainte-germaine-pornichet.fr\/index.php?rest_route=%2Fwp%2Fv2%2Fcomments&post=8425"}],"version-history":[{"count":3,"href":"https:\/\/sainte-germaine-pornichet.fr\/index.php?rest_route=\/wp\/v2\/posts\/8425\/revisions"}],"predecessor-version":[{"id":8757,"href":"https:\/\/sainte-germaine-pornichet.fr\/index.php?rest_route=\/wp\/v2\/posts\/8425\/revisions\/8757"}],"wp:featuredmedia":[{"embeddable":true,"href":"https:\/\/sainte-germaine-pornichet.fr\/index.php?rest_route=\/wp\/v2\/media\/8731"}],"wp:attachment":[{"href":"https:\/\/sainte-germaine-pornichet.fr\/index.php?rest_route=%2Fwp%2Fv2%2Fmedia&parent=8425"}],"wp:term":[{"taxonomy":"category","embeddable":true,"href":"https:\/\/sainte-germaine-pornichet.fr\/index.php?rest_route=%2Fwp%2Fv2%2Fcategories&post=8425"},{"taxonomy":"post_tag","embeddable":true,"href":"https:\/\/sainte-germaine-pornichet.fr\/index.php?rest_route=%2Fwp%2Fv2%2Ftags&post=8425"}],"curies":[{"name":"wp","href":"https:\/\/api.w.org\/{rel}","templated":true}]}}