{"id":8294,"date":"2024-03-19T21:43:06","date_gmt":"2024-03-19T20:43:06","guid":{"rendered":"https:\/\/sainte-germaine-pornichet.fr\/?p=8294"},"modified":"2024-03-21T12:36:12","modified_gmt":"2024-03-21T11:36:12","slug":"animation-sur-les-abeilles-du-cp-au-cm","status":"publish","type":"post","link":"https:\/\/sainte-germaine-pornichet.fr\/?p=8294","title":{"rendered":"Animation sur les abeilles du CP au CM"},"content":{"rendered":"<p>Aujourd\u2019hui, les \u00e9l\u00e8ves des classes de CP-CE1, CE1-CE2 et CM1-CM2 ont particip\u00e9 \u00e0 une animation sur les abeilles propos\u00e9e par l\u2019association \u00ab Terre d\u2019abeilles \u00bb.<\/p>\n<p>Terre d&rsquo;Abeilles est une association fran\u00e7aise qui alerte et agit au plan local, national et europ\u00e9en pour la protection des abeilles et autres pollinisateurs sauvages.<\/p>\n<p>Indispensables \u00e0 la survie de la majeure partie des esp\u00e8ces v\u00e9g\u00e9tales, les animatrices nous ont montr\u00e9 \u00e0 quel point ces insectes pollinisateurs sont un maillon essentiel de la biodiversit\u00e9 au c\u0153ur de la cha\u00eene alimentaire.<\/p>\n<p>Les enfants ont \u00e9galement pu d\u00e9guster du miel et d\u00e9couvrir comment fonctionne une ruche.<\/p>\n<p>.<a href=\"https:\/\/sainte-germaine-pornichet.fr\/wp-content\/uploads\/2024\/03\/IMG_1593-scaled.jpeg\"><img loading=\"lazy\" decoding=\"async\" class=\"alignnone size-medium wp-image-8300\" src=\"https:\/\/sainte-germaine-pornichet.fr\/wp-content\/uploads\/2024\/03\/IMG_1593-300x225.jpeg\" alt=\"\" width=\"300\" height=\"225\" srcset=\"https:\/\/sainte-germaine-pornichet.fr\/wp-content\/uploads\/2024\/03\/IMG_1593-300x225.jpeg 300w, https:\/\/sainte-germaine-pornichet.fr\/wp-content\/uploads\/2024\/03\/IMG_1593-1024x768.jpeg 1024w, https:\/\/sainte-germaine-pornichet.fr\/wp-content\/uploads\/2024\/03\/IMG_1593-768x576.jpeg 768w, https:\/\/sainte-germaine-pornichet.fr\/wp-content\/uploads\/2024\/03\/IMG_1593-1536x1152.jpeg 1536w, https:\/\/sainte-germaine-pornichet.fr\/wp-content\/uploads\/2024\/03\/IMG_1593-2048x1536.jpeg 2048w, https:\/\/sainte-germaine-pornichet.fr\/wp-content\/uploads\/2024\/03\/IMG_1593-1320x990.jpeg 1320w\" sizes=\"auto, (max-width: 300px) 100vw, 300px\" \/><\/a> <a href=\"https:\/\/sainte-germaine-pornichet.fr\/wp-content\/uploads\/2024\/03\/IMG_1596-scaled.jpeg\"><img loading=\"lazy\" decoding=\"async\" class=\"alignnone size-medium wp-image-8298\" src=\"https:\/\/sainte-germaine-pornichet.fr\/wp-content\/uploads\/2024\/03\/IMG_1596-300x225.jpeg\" alt=\"\" width=\"300\" height=\"225\" srcset=\"https:\/\/sainte-germaine-pornichet.fr\/wp-content\/uploads\/2024\/03\/IMG_1596-300x225.jpeg 300w, https:\/\/sainte-germaine-pornichet.fr\/wp-content\/uploads\/2024\/03\/IMG_1596-1024x768.jpeg 1024w, https:\/\/sainte-germaine-pornichet.fr\/wp-content\/uploads\/2024\/03\/IMG_1596-768x576.jpeg 768w, https:\/\/sainte-germaine-pornichet.fr\/wp-content\/uploads\/2024\/03\/IMG_1596-1536x1152.jpeg 1536w, https:\/\/sainte-germaine-pornichet.fr\/wp-content\/uploads\/2024\/03\/IMG_1596-2048x1536.jpeg 2048w, https:\/\/sainte-germaine-pornichet.fr\/wp-content\/uploads\/2024\/03\/IMG_1596-1320x990.jpeg 1320w\" sizes=\"auto, (max-width: 300px) 100vw, 300px\" \/><\/a> <a href=\"https:\/\/sainte-germaine-pornichet.fr\/wp-content\/uploads\/2024\/03\/IMG_1600-scaled.jpeg\"><img loading=\"lazy\" decoding=\"async\" class=\"alignnone size-medium wp-image-8296\" src=\"https:\/\/sainte-germaine-pornichet.fr\/wp-content\/uploads\/2024\/03\/IMG_1600-300x225.jpeg\" alt=\"\" width=\"300\" height=\"225\" srcset=\"https:\/\/sainte-germaine-pornichet.fr\/wp-content\/uploads\/2024\/03\/IMG_1600-300x225.jpeg 300w, https:\/\/sainte-germaine-pornichet.fr\/wp-content\/uploads\/2024\/03\/IMG_1600-1024x768.jpeg 1024w, https:\/\/sainte-germaine-pornichet.fr\/wp-content\/uploads\/2024\/03\/IMG_1600-768x576.jpeg 768w, https:\/\/sainte-germaine-pornichet.fr\/wp-content\/uploads\/2024\/03\/IMG_1600-1536x1152.jpeg 1536w, https:\/\/sainte-germaine-pornichet.fr\/wp-content\/uploads\/2024\/03\/IMG_1600-2048x1536.jpeg 2048w, https:\/\/sainte-germaine-pornichet.fr\/wp-content\/uploads\/2024\/03\/IMG_1600-1320x990.jpeg 1320w\" sizes=\"auto, (max-width: 300px) 100vw, 300px\" \/><\/a> <a href=\"https:\/\/sainte-germaine-pornichet.fr\/wp-content\/uploads\/2024\/03\/IMG_1601-scaled.jpeg\"><img loading=\"lazy\" decoding=\"async\" class=\"alignnone size-medium wp-image-8295\" src=\"https:\/\/sainte-germaine-pornichet.fr\/wp-content\/uploads\/2024\/03\/IMG_1601-300x225.jpeg\" alt=\"\" width=\"300\" height=\"225\" srcset=\"https:\/\/sainte-germaine-pornichet.fr\/wp-content\/uploads\/2024\/03\/IMG_1601-300x225.jpeg 300w, https:\/\/sainte-germaine-pornichet.fr\/wp-content\/uploads\/2024\/03\/IMG_1601-1024x768.jpeg 1024w, https:\/\/sainte-germaine-pornichet.fr\/wp-content\/uploads\/2024\/03\/IMG_1601-768x576.jpeg 768w, https:\/\/sainte-germaine-pornichet.fr\/wp-content\/uploads\/2024\/03\/IMG_1601-1536x1152.jpeg 1536w, https:\/\/sainte-germaine-pornichet.fr\/wp-content\/uploads\/2024\/03\/IMG_1601-2048x1536.jpeg 2048w, https:\/\/sainte-germaine-pornichet.fr\/wp-content\/uploads\/2024\/03\/IMG_1601-1320x990.jpeg 1320w\" sizes=\"auto, (max-width: 300px) 100vw, 300px\" \/><\/a><\/p>\n<p>&nbsp;<\/p>\n<p>&nbsp;<\/p>\n","protected":false},"excerpt":{"rendered":"<p>Aujourd\u2019hui, les \u00e9l\u00e8ves des classes de CP-CE1, CE1-CE2 et CM1-CM2 ont particip\u00e9 \u00e0 une animation sur les abeilles propos\u00e9e par l\u2019association \u00ab Terre d\u2019abeilles \u00bb. Terre d&rsquo;Abeilles est une association&hellip; <br \/> <a class=\"read-more\" href=\"https:\/\/sainte-germaine-pornichet.fr\/?p=8294\">Lire la suite<\/a><\/p>\n","protected":false},"author":12,"featured_media":8295,"comment_status":"closed","ping_status":"open","sticky":true,"template":"","format":"standard","meta":{"footnotes":""},"categories":[34,7,6],"tags":[],"class_list":["post-8294","post","type-post","status-publish","format-standard","has-post-thumbnail","hentry","category-ce2cm1","category-cm1cm2","category-ce1ce2"],"_links":{"self":[{"href":"https:\/\/sainte-germaine-pornichet.fr\/index.php?rest_route=\/wp\/v2\/posts\/8294","targetHints":{"allow":["GET"]}}],"collection":[{"href":"https:\/\/sainte-germaine-pornichet.fr\/index.php?rest_route=\/wp\/v2\/posts"}],"about":[{"href":"https:\/\/sainte-germaine-pornichet.fr\/index.php?rest_route=\/wp\/v2\/types\/post"}],"author":[{"embeddable":true,"href":"https:\/\/sainte-germaine-pornichet.fr\/index.php?rest_route=\/wp\/v2\/users\/12"}],"replies":[{"embeddable":true,"href":"https:\/\/sainte-germaine-pornichet.fr\/index.php?rest_route=%2Fwp%2Fv2%2Fcomments&post=8294"}],"version-history":[{"count":3,"href":"https:\/\/sainte-germaine-pornichet.fr\/index.php?rest_route=\/wp\/v2\/posts\/8294\/revisions"}],"predecessor-version":[{"id":8305,"href":"https:\/\/sainte-germaine-pornichet.fr\/index.php?rest_route=\/wp\/v2\/posts\/8294\/revisions\/8305"}],"wp:featuredmedia":[{"embeddable":true,"href":"https:\/\/sainte-germaine-pornichet.fr\/index.php?rest_route=\/wp\/v2\/media\/8295"}],"wp:attachment":[{"href":"https:\/\/sainte-germaine-pornichet.fr\/index.php?rest_route=%2Fwp%2Fv2%2Fmedia&parent=8294"}],"wp:term":[{"taxonomy":"category","embeddable":true,"href":"https:\/\/sainte-germaine-pornichet.fr\/index.php?rest_route=%2Fwp%2Fv2%2Fcategories&post=8294"},{"taxonomy":"post_tag","embeddable":true,"href":"https:\/\/sainte-germaine-pornichet.fr\/index.php?rest_route=%2Fwp%2Fv2%2Ftags&post=8294"}],"curies":[{"name":"wp","href":"https:\/\/api.w.org\/{rel}","templated":true}]}}