{"id":7753,"date":"2022-12-10T10:57:48","date_gmt":"2022-12-10T09:57:48","guid":{"rendered":"https:\/\/sainte-germaine-pornichet.fr\/?p=7753"},"modified":"2022-12-19T11:07:31","modified_gmt":"2022-12-19T10:07:31","slug":"celebration-de-lavent-3","status":"publish","type":"post","link":"https:\/\/sainte-germaine-pornichet.fr\/?p=7753","title":{"rendered":"C\u00e9l\u00e9bration de l&rsquo;avent"},"content":{"rendered":"<p>Samedi 10 d\u00e9cembre, nous avons c\u00e9l\u00e9brer l&rsquo;avent en l&rsquo;\u00e9glise de St S\u00e9bastien, avec le P\u00e8re Benoit. Les familles \u00e9taient pr\u00e9sentes. Le th\u00e8me choisi par les enfants a \u00e9t\u00e9 celui de la PAIX.<\/p>\n<p><img loading=\"lazy\" decoding=\"async\" class=\"\" src=\"https:\/\/3.bp.blogspot.com\/-TNy9E2TTDvw\/W1_6vRFQE9I\/AAAAAAAA6Ug\/uspxYZK3eSkK6j5Fjx9IdRfJtMAWEWftACK4BGAYYCw\/s1600\/visitation%25C2%25A9Kieffer.jpg\" alt=\"Cat\u00e9, BD, diaporamas: La Visitation (Marie et Elizabeth)\" width=\"280\" height=\"370\"><\/p>\n","protected":false},"excerpt":{"rendered":"<p>Samedi 10 d\u00e9cembre, nous avons c\u00e9l\u00e9brer l&rsquo;avent en l&rsquo;\u00e9glise de St S\u00e9bastien, avec le P\u00e8re Benoit. Les familles \u00e9taient pr\u00e9sentes. Le th\u00e8me choisi par les enfants a \u00e9t\u00e9 celui de&hellip; <br \/> <a class=\"read-more\" href=\"https:\/\/sainte-germaine-pornichet.fr\/?p=7753\">Lire la suite<\/a><\/p>\n","protected":false},"author":16,"featured_media":7756,"comment_status":"closed","ping_status":"open","sticky":true,"template":"","format":"standard","meta":{"footnotes":""},"categories":[1],"tags":[],"class_list":["post-7753","post","type-post","status-publish","format-standard","has-post-thumbnail","hentry","category-non-classe"],"_links":{"self":[{"href":"https:\/\/sainte-germaine-pornichet.fr\/index.php?rest_route=\/wp\/v2\/posts\/7753","targetHints":{"allow":["GET"]}}],"collection":[{"href":"https:\/\/sainte-germaine-pornichet.fr\/index.php?rest_route=\/wp\/v2\/posts"}],"about":[{"href":"https:\/\/sainte-germaine-pornichet.fr\/index.php?rest_route=\/wp\/v2\/types\/post"}],"author":[{"embeddable":true,"href":"https:\/\/sainte-germaine-pornichet.fr\/index.php?rest_route=\/wp\/v2\/users\/16"}],"replies":[{"embeddable":true,"href":"https:\/\/sainte-germaine-pornichet.fr\/index.php?rest_route=%2Fwp%2Fv2%2Fcomments&post=7753"}],"version-history":[{"count":3,"href":"https:\/\/sainte-germaine-pornichet.fr\/index.php?rest_route=\/wp\/v2\/posts\/7753\/revisions"}],"predecessor-version":[{"id":7757,"href":"https:\/\/sainte-germaine-pornichet.fr\/index.php?rest_route=\/wp\/v2\/posts\/7753\/revisions\/7757"}],"wp:featuredmedia":[{"embeddable":true,"href":"https:\/\/sainte-germaine-pornichet.fr\/index.php?rest_route=\/wp\/v2\/media\/7756"}],"wp:attachment":[{"href":"https:\/\/sainte-germaine-pornichet.fr\/index.php?rest_route=%2Fwp%2Fv2%2Fmedia&parent=7753"}],"wp:term":[{"taxonomy":"category","embeddable":true,"href":"https:\/\/sainte-germaine-pornichet.fr\/index.php?rest_route=%2Fwp%2Fv2%2Fcategories&post=7753"},{"taxonomy":"post_tag","embeddable":true,"href":"https:\/\/sainte-germaine-pornichet.fr\/index.php?rest_route=%2Fwp%2Fv2%2Ftags&post=7753"}],"curies":[{"name":"wp","href":"https:\/\/api.w.org\/{rel}","templated":true}]}}