{"id":51372,"date":"2025-12-16T19:18:01","date_gmt":"2025-12-16T18:18:01","guid":{"rendered":"https:\/\/sainte-germaine-pornichet.fr\/?p=51372"},"modified":"2025-12-16T19:18:01","modified_gmt":"2025-12-16T18:18:01","slug":"reveillons-la-solidarite","status":"publish","type":"post","link":"https:\/\/sainte-germaine-pornichet.fr\/?p=51372","title":{"rendered":"R\u2019\u00e9veillons la solidarit\u00e9"},"content":{"rendered":"<p>Aujourd\u2019hui, Edith et Sabrina, membres de l\u2019association \u00ab R\u2019\u00e9veillons la solidarit\u00e9 \u00bb, sont venues \u00e0 l\u2019\u00e9cole. Les enfants ont form\u00e9 une longue cha\u00eene humaine pour transmettre les dons offerts par les familles.<\/p>\n<p>Un grand merci \u00e0 tous pour votre participation!<\/p>\n\n\t\t<style type=\"text\/css\">\n\t\t\t#gallery-1 {\n\t\t\t\tmargin: auto;\n\t\t\t}\n\t\t\t#gallery-1 .gallery-item {\n\t\t\t\tfloat: left;\n\t\t\t\tmargin-top: 10px;\n\t\t\t\ttext-align: center;\n\t\t\t\twidth: 33%;\n\t\t\t}\n\t\t\t#gallery-1 img {\n\t\t\t\tborder: 2px solid #cfcfcf;\n\t\t\t}\n\t\t\t#gallery-1 .gallery-caption {\n\t\t\t\tmargin-left: 0;\n\t\t\t}\n\t\t\t\/* see gallery_shortcode() in wp-includes\/media.php *\/\n\t\t<\/style>\n\t\t<div id='gallery-1' class='gallery galleryid-51372 gallery-columns-3 gallery-size-thumbnail'><dl class='gallery-item'>\n\t\t\t<dt class='gallery-icon portrait'>\n\t\t\t\t<a href='https:\/\/sainte-germaine-pornichet.fr\/?attachment_id=51374'><img loading=\"lazy\" decoding=\"async\" width=\"150\" height=\"150\" src=\"https:\/\/sainte-germaine-pornichet.fr\/wp-content\/uploads\/2025\/12\/IMG_1572-150x150.jpeg\" class=\"attachment-thumbnail size-thumbnail\" alt=\"\" \/><\/a>\n\t\t\t<\/dt><\/dl><dl class='gallery-item'>\n\t\t\t<dt class='gallery-icon portrait'>\n\t\t\t\t<a href='https:\/\/sainte-germaine-pornichet.fr\/?attachment_id=51375'><img loading=\"lazy\" decoding=\"async\" width=\"150\" height=\"150\" src=\"https:\/\/sainte-germaine-pornichet.fr\/wp-content\/uploads\/2025\/12\/IMG_1573-150x150.jpeg\" class=\"attachment-thumbnail size-thumbnail\" alt=\"\" \/><\/a>\n\t\t\t<\/dt><\/dl><dl class='gallery-item'>\n\t\t\t<dt class='gallery-icon portrait'>\n\t\t\t\t<a href='https:\/\/sainte-germaine-pornichet.fr\/?attachment_id=51373'><img loading=\"lazy\" decoding=\"async\" width=\"150\" height=\"150\" src=\"https:\/\/sainte-germaine-pornichet.fr\/wp-content\/uploads\/2025\/12\/IMG_1570-150x150.jpeg\" class=\"attachment-thumbnail size-thumbnail\" alt=\"\" \/><\/a>\n\t\t\t<\/dt><\/dl><br style=\"clear: both\" \/><dl class='gallery-item'>\n\t\t\t<dt class='gallery-icon portrait'>\n\t\t\t\t<a href='https:\/\/sainte-germaine-pornichet.fr\/?attachment_id=51376'><img loading=\"lazy\" decoding=\"async\" width=\"150\" height=\"150\" src=\"https:\/\/sainte-germaine-pornichet.fr\/wp-content\/uploads\/2025\/12\/IMG_1574-150x150.jpeg\" class=\"attachment-thumbnail size-thumbnail\" alt=\"\" \/><\/a>\n\t\t\t<\/dt><\/dl><dl class='gallery-item'>\n\t\t\t<dt class='gallery-icon portrait'>\n\t\t\t\t<a href='https:\/\/sainte-germaine-pornichet.fr\/?attachment_id=51377'><img loading=\"lazy\" decoding=\"async\" width=\"150\" height=\"150\" src=\"https:\/\/sainte-germaine-pornichet.fr\/wp-content\/uploads\/2025\/12\/IMG_1575-150x150.jpeg\" class=\"attachment-thumbnail size-thumbnail\" alt=\"\" \/><\/a>\n\t\t\t<\/dt><\/dl><dl class='gallery-item'>\n\t\t\t<dt class='gallery-icon portrait'>\n\t\t\t\t<a href='https:\/\/sainte-germaine-pornichet.fr\/?attachment_id=51378'><img loading=\"lazy\" decoding=\"async\" width=\"150\" height=\"150\" src=\"https:\/\/sainte-germaine-pornichet.fr\/wp-content\/uploads\/2025\/12\/IMG_1577-150x150.jpeg\" class=\"attachment-thumbnail size-thumbnail\" alt=\"\" \/><\/a>\n\t\t\t<\/dt><\/dl><br style=\"clear: both\" \/><dl class='gallery-item'>\n\t\t\t<dt class='gallery-icon portrait'>\n\t\t\t\t<a href='https:\/\/sainte-germaine-pornichet.fr\/?attachment_id=51380'><img loading=\"lazy\" decoding=\"async\" width=\"150\" height=\"150\" src=\"https:\/\/sainte-germaine-pornichet.fr\/wp-content\/uploads\/2025\/12\/IMG_1580-150x150.jpeg\" class=\"attachment-thumbnail size-thumbnail\" alt=\"\" \/><\/a>\n\t\t\t<\/dt><\/dl><dl class='gallery-item'>\n\t\t\t<dt class='gallery-icon portrait'>\n\t\t\t\t<a href='https:\/\/sainte-germaine-pornichet.fr\/?attachment_id=51379'><img loading=\"lazy\" decoding=\"async\" width=\"150\" height=\"150\" src=\"https:\/\/sainte-germaine-pornichet.fr\/wp-content\/uploads\/2025\/12\/IMG_1579-150x150.jpeg\" class=\"attachment-thumbnail size-thumbnail\" alt=\"\" \/><\/a>\n\t\t\t<\/dt><\/dl><dl class='gallery-item'>\n\t\t\t<dt class='gallery-icon portrait'>\n\t\t\t\t<a href='https:\/\/sainte-germaine-pornichet.fr\/?attachment_id=51382'><img loading=\"lazy\" decoding=\"async\" width=\"150\" height=\"150\" src=\"https:\/\/sainte-germaine-pornichet.fr\/wp-content\/uploads\/2025\/12\/IMG_1578-150x150.jpeg\" class=\"attachment-thumbnail size-thumbnail\" alt=\"\" \/><\/a>\n\t\t\t<\/dt><\/dl><br style=\"clear: both\" \/><dl class='gallery-item'>\n\t\t\t<dt class='gallery-icon landscape'>\n\t\t\t\t<a href='https:\/\/sainte-germaine-pornichet.fr\/?attachment_id=51381'><img loading=\"lazy\" decoding=\"async\" width=\"150\" height=\"150\" src=\"https:\/\/sainte-germaine-pornichet.fr\/wp-content\/uploads\/2025\/12\/IMG_1583-150x150.jpeg\" class=\"attachment-thumbnail size-thumbnail\" alt=\"\" \/><\/a>\n\t\t\t<\/dt><\/dl>\n\t\t\t<br style='clear: both' \/>\n\t\t<\/div>\n\n","protected":false},"excerpt":{"rendered":"<p>Aujourd\u2019hui, Edith et Sabrina, membres de l\u2019association \u00ab R\u2019\u00e9veillons la solidarit\u00e9 \u00bb, sont venues \u00e0 l\u2019\u00e9cole. Les enfants ont form\u00e9 une longue cha\u00eene humaine pour transmettre les dons offerts par&hellip; <br \/> <a class=\"read-more\" href=\"https:\/\/sainte-germaine-pornichet.fr\/?p=51372\">Lire la suite<\/a><\/p>\n","protected":false},"author":12,"featured_media":51381,"comment_status":"closed","ping_status":"open","sticky":true,"template":"","format":"standard","meta":{"footnotes":""},"categories":[34,7,6,5,3],"tags":[],"class_list":["post-51372","post","type-post","status-publish","format-standard","has-post-thumbnail","hentry","category-ce2cm1","category-cm1cm2","category-ce1ce2","category-gscp","category-psms"],"_links":{"self":[{"href":"https:\/\/sainte-germaine-pornichet.fr\/index.php?rest_route=\/wp\/v2\/posts\/51372","targetHints":{"allow":["GET"]}}],"collection":[{"href":"https:\/\/sainte-germaine-pornichet.fr\/index.php?rest_route=\/wp\/v2\/posts"}],"about":[{"href":"https:\/\/sainte-germaine-pornichet.fr\/index.php?rest_route=\/wp\/v2\/types\/post"}],"author":[{"embeddable":true,"href":"https:\/\/sainte-germaine-pornichet.fr\/index.php?rest_route=\/wp\/v2\/users\/12"}],"replies":[{"embeddable":true,"href":"https:\/\/sainte-germaine-pornichet.fr\/index.php?rest_route=%2Fwp%2Fv2%2Fcomments&post=51372"}],"version-history":[{"count":1,"href":"https:\/\/sainte-germaine-pornichet.fr\/index.php?rest_route=\/wp\/v2\/posts\/51372\/revisions"}],"predecessor-version":[{"id":51383,"href":"https:\/\/sainte-germaine-pornichet.fr\/index.php?rest_route=\/wp\/v2\/posts\/51372\/revisions\/51383"}],"wp:featuredmedia":[{"embeddable":true,"href":"https:\/\/sainte-germaine-pornichet.fr\/index.php?rest_route=\/wp\/v2\/media\/51381"}],"wp:attachment":[{"href":"https:\/\/sainte-germaine-pornichet.fr\/index.php?rest_route=%2Fwp%2Fv2%2Fmedia&parent=51372"}],"wp:term":[{"taxonomy":"category","embeddable":true,"href":"https:\/\/sainte-germaine-pornichet.fr\/index.php?rest_route=%2Fwp%2Fv2%2Fcategories&post=51372"},{"taxonomy":"post_tag","embeddable":true,"href":"https:\/\/sainte-germaine-pornichet.fr\/index.php?rest_route=%2Fwp%2Fv2%2Ftags&post=51372"}],"curies":[{"name":"wp","href":"https:\/\/api.w.org\/{rel}","templated":true}]}}