{"id":50078,"date":"2024-12-16T14:39:20","date_gmt":"2024-12-16T13:39:20","guid":{"rendered":"https:\/\/sainte-germaine-pornichet.fr\/?p=50078"},"modified":"2024-12-20T15:06:26","modified_gmt":"2024-12-20T14:06:26","slug":"lavent-et-la-celebration","status":"publish","type":"post","link":"https:\/\/sainte-germaine-pornichet.fr\/?p=50078","title":{"rendered":"L&rsquo;Avent et la C\u00e9l\u00e9bration"},"content":{"rendered":"<p>Mardi 3 d\u00e9cembre, nous avons eu la visite du P\u00e8re Christophe \u00e0 l&rsquo;\u00e9cole.<br \/>\nChaque classe a pu \u00e9changer sur ce qu&rsquo;\u00e9tait l&rsquo;Avent et comment chacun pouvait se pr\u00e9parer \u00e0 No\u00ebl.<br \/>\n<a href=\"https:\/\/sainte-germaine-pornichet.fr\/wp-content\/uploads\/2024\/12\/IMG_5065.jpg\"><img loading=\"lazy\" decoding=\"async\" src=\"https:\/\/sainte-germaine-pornichet.fr\/wp-content\/uploads\/2024\/12\/IMG_5065-300x225.jpg\" alt=\"\" width=\"300\" height=\"225\" class=\"alignnone size-medium wp-image-50088\" srcset=\"https:\/\/sainte-germaine-pornichet.fr\/wp-content\/uploads\/2024\/12\/IMG_5065-300x225.jpg 300w, https:\/\/sainte-germaine-pornichet.fr\/wp-content\/uploads\/2024\/12\/IMG_5065-1024x770.jpg 1024w, https:\/\/sainte-germaine-pornichet.fr\/wp-content\/uploads\/2024\/12\/IMG_5065-768x577.jpg 768w, https:\/\/sainte-germaine-pornichet.fr\/wp-content\/uploads\/2024\/12\/IMG_5065.jpg 1280w\" sizes=\"auto, (max-width: 300px) 100vw, 300px\" \/><\/a><\/p>\n<p><a href=\"https:\/\/sainte-germaine-pornichet.fr\/wp-content\/uploads\/2024\/12\/IMG_4282.jpeg\"><img loading=\"lazy\" decoding=\"async\" src=\"https:\/\/sainte-germaine-pornichet.fr\/wp-content\/uploads\/2024\/12\/IMG_4282-300x225.jpeg\" alt=\"\" width=\"300\" height=\"225\" class=\"alignnone size-medium wp-image-50087\" srcset=\"https:\/\/sainte-germaine-pornichet.fr\/wp-content\/uploads\/2024\/12\/IMG_4282-300x225.jpeg 300w, https:\/\/sainte-germaine-pornichet.fr\/wp-content\/uploads\/2024\/12\/IMG_4282-1024x768.jpeg 1024w, https:\/\/sainte-germaine-pornichet.fr\/wp-content\/uploads\/2024\/12\/IMG_4282-768x576.jpeg 768w, https:\/\/sainte-germaine-pornichet.fr\/wp-content\/uploads\/2024\/12\/IMG_4282-1536x1152.jpeg 1536w, https:\/\/sainte-germaine-pornichet.fr\/wp-content\/uploads\/2024\/12\/IMG_4282-1320x990.jpeg 1320w, https:\/\/sainte-germaine-pornichet.fr\/wp-content\/uploads\/2024\/12\/IMG_4282.jpeg 2016w\" sizes=\"auto, (max-width: 300px) 100vw, 300px\" \/><\/a><\/p>\n<p><a href=\"https:\/\/sainte-germaine-pornichet.fr\/wp-content\/uploads\/2024\/12\/IMG_5066.jpg\"><img loading=\"lazy\" decoding=\"async\" src=\"https:\/\/sainte-germaine-pornichet.fr\/wp-content\/uploads\/2024\/12\/IMG_5066-300x225.jpg\" alt=\"\" width=\"300\" height=\"225\" class=\"alignnone size-medium wp-image-50080\" srcset=\"https:\/\/sainte-germaine-pornichet.fr\/wp-content\/uploads\/2024\/12\/IMG_5066-300x225.jpg 300w, https:\/\/sainte-germaine-pornichet.fr\/wp-content\/uploads\/2024\/12\/IMG_5066-1024x768.jpg 1024w, https:\/\/sainte-germaine-pornichet.fr\/wp-content\/uploads\/2024\/12\/IMG_5066-768x576.jpg 768w, https:\/\/sainte-germaine-pornichet.fr\/wp-content\/uploads\/2024\/12\/IMG_5066-1536x1152.jpg 1536w, https:\/\/sainte-germaine-pornichet.fr\/wp-content\/uploads\/2024\/12\/IMG_5066-1320x990.jpg 1320w, https:\/\/sainte-germaine-pornichet.fr\/wp-content\/uploads\/2024\/12\/IMG_5066.jpg 2016w\" sizes=\"auto, (max-width: 300px) 100vw, 300px\" \/><\/a><br \/>\nPendant les premi\u00e8res semaine de d\u00e9cembre, Madame Masse est venue faire r\u00e9p\u00e9ter les chants de la c\u00e9l\u00e9bration aux enfants.<br \/>\n<a href=\"https:\/\/sainte-germaine-pornichet.fr\/wp-content\/uploads\/2024\/12\/IMG_5070.jpg\"><img loading=\"lazy\" decoding=\"async\" src=\"https:\/\/sainte-germaine-pornichet.fr\/wp-content\/uploads\/2024\/12\/IMG_5070-300x225.jpg\" alt=\"\" width=\"300\" height=\"225\" class=\"alignnone size-medium wp-image-50083\" srcset=\"https:\/\/sainte-germaine-pornichet.fr\/wp-content\/uploads\/2024\/12\/IMG_5070-300x225.jpg 300w, https:\/\/sainte-germaine-pornichet.fr\/wp-content\/uploads\/2024\/12\/IMG_5070-1024x768.jpg 1024w, https:\/\/sainte-germaine-pornichet.fr\/wp-content\/uploads\/2024\/12\/IMG_5070-768x576.jpg 768w, https:\/\/sainte-germaine-pornichet.fr\/wp-content\/uploads\/2024\/12\/IMG_5070-1536x1152.jpg 1536w, https:\/\/sainte-germaine-pornichet.fr\/wp-content\/uploads\/2024\/12\/IMG_5070-1320x990.jpg 1320w, https:\/\/sainte-germaine-pornichet.fr\/wp-content\/uploads\/2024\/12\/IMG_5070.jpg 2016w\" sizes=\"auto, (max-width: 300px) 100vw, 300px\" \/><\/a><\/p>\n<p><a href=\"https:\/\/sainte-germaine-pornichet.fr\/wp-content\/uploads\/2024\/12\/IMG_5069.jpg\"><img loading=\"lazy\" decoding=\"async\" src=\"https:\/\/sainte-germaine-pornichet.fr\/wp-content\/uploads\/2024\/12\/IMG_5069-300x225.jpg\" alt=\"\" width=\"300\" height=\"225\" class=\"alignnone size-medium wp-image-50082\" srcset=\"https:\/\/sainte-germaine-pornichet.fr\/wp-content\/uploads\/2024\/12\/IMG_5069-300x225.jpg 300w, https:\/\/sainte-germaine-pornichet.fr\/wp-content\/uploads\/2024\/12\/IMG_5069-1024x768.jpg 1024w, https:\/\/sainte-germaine-pornichet.fr\/wp-content\/uploads\/2024\/12\/IMG_5069-768x576.jpg 768w, https:\/\/sainte-germaine-pornichet.fr\/wp-content\/uploads\/2024\/12\/IMG_5069-1536x1152.jpg 1536w, https:\/\/sainte-germaine-pornichet.fr\/wp-content\/uploads\/2024\/12\/IMG_5069-1320x990.jpg 1320w, https:\/\/sainte-germaine-pornichet.fr\/wp-content\/uploads\/2024\/12\/IMG_5069.jpg 2016w\" sizes=\"auto, (max-width: 300px) 100vw, 300px\" \/><\/a><\/p>\n<p><a href=\"https:\/\/sainte-germaine-pornichet.fr\/wp-content\/uploads\/2024\/12\/IMG_5068.jpg\"><img loading=\"lazy\" decoding=\"async\" src=\"https:\/\/sainte-germaine-pornichet.fr\/wp-content\/uploads\/2024\/12\/IMG_5068-300x225.jpg\" alt=\"\" width=\"300\" height=\"225\" class=\"alignnone size-medium wp-image-50081\" srcset=\"https:\/\/sainte-germaine-pornichet.fr\/wp-content\/uploads\/2024\/12\/IMG_5068-300x225.jpg 300w, https:\/\/sainte-germaine-pornichet.fr\/wp-content\/uploads\/2024\/12\/IMG_5068-1024x768.jpg 1024w, https:\/\/sainte-germaine-pornichet.fr\/wp-content\/uploads\/2024\/12\/IMG_5068-768x576.jpg 768w, https:\/\/sainte-germaine-pornichet.fr\/wp-content\/uploads\/2024\/12\/IMG_5068-1536x1152.jpg 1536w, https:\/\/sainte-germaine-pornichet.fr\/wp-content\/uploads\/2024\/12\/IMG_5068-1320x990.jpg 1320w, https:\/\/sainte-germaine-pornichet.fr\/wp-content\/uploads\/2024\/12\/IMG_5068.jpg 2016w\" sizes=\"auto, (max-width: 300px) 100vw, 300px\" \/><\/a><br \/>\nSamedi 14 d\u00e9cembre, toute l&rsquo;\u00e9cole s&rsquo;est retrouv\u00e9e \u00e0 l&rsquo;Eglise de Saint S\u00e9bastien pour la c\u00e9l\u00e9bration de No\u00ebl. De retour \u00e0 l&rsquo;\u00e9cole, cette matin\u00e9e s&rsquo;est cl\u00f4tur\u00e9e par un chocolat chaud et vin chaud offert par l&rsquo;APEL.<br \/>\n<a href=\"https:\/\/sainte-germaine-pornichet.fr\/wp-content\/uploads\/2024\/12\/IMG_5101-rotated.jpg\"><img loading=\"lazy\" decoding=\"async\" src=\"https:\/\/sainte-germaine-pornichet.fr\/wp-content\/uploads\/2024\/12\/IMG_5101-225x300.jpg\" alt=\"\" width=\"225\" height=\"300\" class=\"alignnone size-medium wp-image-50085\" srcset=\"https:\/\/sainte-germaine-pornichet.fr\/wp-content\/uploads\/2024\/12\/IMG_5101-225x300.jpg 225w, https:\/\/sainte-germaine-pornichet.fr\/wp-content\/uploads\/2024\/12\/IMG_5101-768x1024.jpg 768w, https:\/\/sainte-germaine-pornichet.fr\/wp-content\/uploads\/2024\/12\/IMG_5101-1152x1536.jpg 1152w, https:\/\/sainte-germaine-pornichet.fr\/wp-content\/uploads\/2024\/12\/IMG_5101-1320x1760.jpg 1320w, https:\/\/sainte-germaine-pornichet.fr\/wp-content\/uploads\/2024\/12\/IMG_5101-rotated.jpg 1512w\" sizes=\"auto, (max-width: 225px) 100vw, 225px\" \/><\/a><\/p>\n<p><a href=\"https:\/\/sainte-germaine-pornichet.fr\/wp-content\/uploads\/2024\/12\/IMG_5100-rotated.jpg\"><img loading=\"lazy\" decoding=\"async\" src=\"https:\/\/sainte-germaine-pornichet.fr\/wp-content\/uploads\/2024\/12\/IMG_5100-225x300.jpg\" alt=\"\" width=\"225\" height=\"300\" class=\"alignnone size-medium wp-image-50084\" srcset=\"https:\/\/sainte-germaine-pornichet.fr\/wp-content\/uploads\/2024\/12\/IMG_5100-225x300.jpg 225w, https:\/\/sainte-germaine-pornichet.fr\/wp-content\/uploads\/2024\/12\/IMG_5100-768x1024.jpg 768w, https:\/\/sainte-germaine-pornichet.fr\/wp-content\/uploads\/2024\/12\/IMG_5100-1152x1536.jpg 1152w, https:\/\/sainte-germaine-pornichet.fr\/wp-content\/uploads\/2024\/12\/IMG_5100-1320x1760.jpg 1320w, https:\/\/sainte-germaine-pornichet.fr\/wp-content\/uploads\/2024\/12\/IMG_5100-rotated.jpg 1512w\" sizes=\"auto, (max-width: 225px) 100vw, 225px\" \/><\/a><\/p>\n<p><a href=\"https:\/\/sainte-germaine-pornichet.fr\/wp-content\/uploads\/2024\/12\/IMG_5102.jpg\"><img loading=\"lazy\" decoding=\"async\" src=\"https:\/\/sainte-germaine-pornichet.fr\/wp-content\/uploads\/2024\/12\/IMG_5102-300x225.jpg\" alt=\"\" width=\"300\" height=\"225\" class=\"alignnone size-medium wp-image-50086\" srcset=\"https:\/\/sainte-germaine-pornichet.fr\/wp-content\/uploads\/2024\/12\/IMG_5102-300x225.jpg 300w, https:\/\/sainte-germaine-pornichet.fr\/wp-content\/uploads\/2024\/12\/IMG_5102-1024x768.jpg 1024w, https:\/\/sainte-germaine-pornichet.fr\/wp-content\/uploads\/2024\/12\/IMG_5102-768x576.jpg 768w, https:\/\/sainte-germaine-pornichet.fr\/wp-content\/uploads\/2024\/12\/IMG_5102-1536x1152.jpg 1536w, https:\/\/sainte-germaine-pornichet.fr\/wp-content\/uploads\/2024\/12\/IMG_5102-1320x990.jpg 1320w, https:\/\/sainte-germaine-pornichet.fr\/wp-content\/uploads\/2024\/12\/IMG_5102.jpg 2016w\" sizes=\"auto, (max-width: 300px) 100vw, 300px\" \/><\/a><\/p>\n","protected":false},"excerpt":{"rendered":"<p>Mardi 3 d\u00e9cembre, nous avons eu la visite du P\u00e8re Christophe \u00e0 l&rsquo;\u00e9cole. Chaque classe a pu \u00e9changer sur ce qu&rsquo;\u00e9tait l&rsquo;Avent et comment chacun pouvait se pr\u00e9parer \u00e0 No\u00ebl.&hellip; <br \/> <a class=\"read-more\" href=\"https:\/\/sainte-germaine-pornichet.fr\/?p=50078\">Lire la suite<\/a><\/p>\n","protected":false},"author":16,"featured_media":50086,"comment_status":"closed","ping_status":"open","sticky":true,"template":"","format":"standard","meta":{"footnotes":""},"categories":[20],"tags":[],"class_list":["post-50078","post","type-post","status-publish","format-standard","has-post-thumbnail","hentry","category-ecole-2"],"_links":{"self":[{"href":"https:\/\/sainte-germaine-pornichet.fr\/index.php?rest_route=\/wp\/v2\/posts\/50078","targetHints":{"allow":["GET"]}}],"collection":[{"href":"https:\/\/sainte-germaine-pornichet.fr\/index.php?rest_route=\/wp\/v2\/posts"}],"about":[{"href":"https:\/\/sainte-germaine-pornichet.fr\/index.php?rest_route=\/wp\/v2\/types\/post"}],"author":[{"embeddable":true,"href":"https:\/\/sainte-germaine-pornichet.fr\/index.php?rest_route=\/wp\/v2\/users\/16"}],"replies":[{"embeddable":true,"href":"https:\/\/sainte-germaine-pornichet.fr\/index.php?rest_route=%2Fwp%2Fv2%2Fcomments&post=50078"}],"version-history":[{"count":1,"href":"https:\/\/sainte-germaine-pornichet.fr\/index.php?rest_route=\/wp\/v2\/posts\/50078\/revisions"}],"predecessor-version":[{"id":50089,"href":"https:\/\/sainte-germaine-pornichet.fr\/index.php?rest_route=\/wp\/v2\/posts\/50078\/revisions\/50089"}],"wp:featuredmedia":[{"embeddable":true,"href":"https:\/\/sainte-germaine-pornichet.fr\/index.php?rest_route=\/wp\/v2\/media\/50086"}],"wp:attachment":[{"href":"https:\/\/sainte-germaine-pornichet.fr\/index.php?rest_route=%2Fwp%2Fv2%2Fmedia&parent=50078"}],"wp:term":[{"taxonomy":"category","embeddable":true,"href":"https:\/\/sainte-germaine-pornichet.fr\/index.php?rest_route=%2Fwp%2Fv2%2Fcategories&post=50078"},{"taxonomy":"post_tag","embeddable":true,"href":"https:\/\/sainte-germaine-pornichet.fr\/index.php?rest_route=%2Fwp%2Fv2%2Ftags&post=50078"}],"curies":[{"name":"wp","href":"https:\/\/api.w.org\/{rel}","templated":true}]}}